{"id":6021,"date":"2016-12-23T11:12:51","date_gmt":"2016-12-23T10:12:51","guid":{"rendered":"http:\/\/www.nsonic.de\/blog\/?p=6021"},"modified":"2016-12-23T11:12:51","modified_gmt":"2016-12-23T10:12:51","slug":"macos-sierra-10-12-2-ach-apple-da-ist-der-wurm-drin","status":"publish","type":"post","link":"https:\/\/www.nsonic.de\/blog\/2016\/12\/macos-sierra-10-12-2-ach-apple-da-ist-der-wurm-drin\/","title":{"rendered":"macOS Sierra 10.12.2 \u2013 Ach Apple, da ist der Wurm drin"},"content":{"rendered":"<p>Ich kann extrem euphorisch werden wenn ich \u00fcber Apple-Produkte spreche \u2013 Verarbeitung, Bildschirm, das Touchpad, wie leise ein Notebook sein kann und wie schnell eine SSD etc. &#8211; Gro\u00dfe Klasse. Auch OS-X mag ich, es l\u00e4uft sehr stabil, es spielt gut mit dem iPhone und der Apple Watch, PDF ist im System integriert was ich oft gut gebrauchen kann (anderes Thema), vieles l\u00e4sst sich automatisieren und so weiter.<\/p>\n<p>Mein Lob h\u00f6rt aber bei macOS Sierra auf!<\/p>\n<blockquote><p>Kurzfassung: Ich wollte ein MacBook Pro 13&#8243;, Modell 2015, neu einrichten mit Sierra, 10.12.2. Nachdem ich an zwei Abenden auf mehrere Probleme stie\u00df, lud ich El Capitan, OS-X 10.11 herunter und werde dieses komplett neu installieren.<\/p><\/blockquote>\n<p>Wer an den Fehlern interessiert ist, der kann klicken <span class=\"wp-smiley emoji emoji-smile\" title=\":)\">smile<\/span> <\/p>\n<p><!--more--><\/p>\n<h2>Time Capsule. Dateien lassen sich von diesem Laufwerk nicht mehr direkt \u00f6ffnen. Error -36<\/h2>\n<p>Schon am ersten Abend installierte ich mir Pages, Numbers und Keynote, die Programme, die ich extrem h\u00e4ufig ben\u00f6tigte. Meine gesch\u00e4ftlichen Dateien liegen bei mir auf einer Time Capsule, die ich als Netzwerk-Festplatte nutze.<\/p>\n<p>Was mache ich fast jeden Tag? Ich \u00f6ffne den Finder, gehe zum Laufwerk der Zeitkapsel und \u00f6ffne dort per Doppelklick oder per Kontextmen\u00fc und &#8220;\u00d6ffnen mit\u2026&#8221; ein Dokument.\u00a0Genau das geht mit macOS 10.12.2 nicht mehr! Es kommt ein Fehler -36. Hier <a href=\"https:\/\/discussions.apple.com\/thread\/7788357\">eine weitere Quelle<\/a> f\u00fcr das Problem.<\/p>\n<p>Ich dachte noch an ein l\u00f6sbares Problem. Es gab auch ein Firmware-Update f\u00fcr die Zeitkapsel \u2013 Ich habe es eingespielt, es half nicht.<\/p>\n<p>Die Dateien sind in Ordnung (keine Probleme an den anderen Macs), die Programmverkn\u00fcpfungen sind Ordnung (kein Problem Dateien von einer Synology oder lokal zu \u00f6ffnen).<\/p>\n<h2>Kalender \u00f6ffnet Exchange-Kalender nicht<\/h2>\n<p>Dieses Problem mag sehr speziell sein und es d\u00fcrfte nicht jeden betreffen. Es ist ohnehin immer ein anderes Verhalten, je nachdem welche Exchange-Version eingesetzt wird und auch abh\u00e4ngig von anderen Faktoren.<\/p>\n<p>Fakt ist: Ich nutze einen Firmenkalender, der auf einem Exchange-Server l\u00e4uft, problemlos am iMac und meinem alten MacBook Pro (beide mit El Capitan) und an meinem iPhone.<\/p>\n<p>Nun habe ich meinen Account genauso angelegt wie auf den anderen Ger\u00e4ten auch. Der Account wird angezeigt und macOS meckert auch nicht \u00fcber die Zugangsdaten. Die\u00a0Kalender-Anwendung zeigt aber nur den Account an, keinen der Kalender die sich dahinter verbergen!<\/p>\n<p>Stattdessen sehe ich ein graues Ausrufezeichen. Da gibt es also ein Problem. Bl\u00f6derweise zeigt mir macOS keinen Hinweis wenn ich mit der Maus auf das Ausrufezeichen zeige oder drauf klicke. Im Grunde also zwei Fehler: a) dass es gar nicht erst geht und b) dass ich nicht gesagt bekomme, was f\u00fcr ein Problem eigentlich vorliegt.<\/p>\n<h2>Spotlight h\u00f6rt einfach auf zu funktionieren<\/h2>\n<p>Da habe ich nicht schlecht gestaunt. Ich starte die Anwendungen zu 90% \u00fcber Spotlight. Cmd+Leertaste, ein paar Buchstaben, Enter. W\u00e4hrend ich am ersten Abend die ersten Programme auf das neue MacBook Pro installierte, funktionierte das auch alles so wie immer.<\/p>\n<p>Am zweiten Abend jedoch die \u00dcberraschung. Ich kopierte flei\u00dfig Programme vom alten Mac auf den neuen. Nach dem Kopiervorgang startete ich die Anwendungen per Spotlight. Pl\u00f6tzlich passierte es, dass ich das gerade kopierte Programm nicht angezeigt bekam. Nanu?! Im Anwendungen-Verzeichnis lag es aber und lie\u00df sich auch direkt starten. Nur Spotlight zeigte es nicht.<\/p>\n<p>Ich kopierte weitere Programme die ebenfalls nicht bei Spotlight auftauchten. Mist! Ich startete den Rechner neu, mehrfach. Keine Chance.<\/p>\n<p>Ich bem\u00fchte das Terminal um den Index neu aufzubauen. Das half auch. Erstmal. Nach ca. 1 Stunde hatte ich das Problem erneut. WTF?!<\/p>\n<p>Ich suchte im Internet und fand heraus: Ich war nicht allein. Siehe auch <a href=\"http:\/\/www.macwelt.de\/ratgeber\/macOS-Sierra-Bugs-Probleme-Apple-Watch-10045340.html\">macwelt<\/a>\u00a0oder\u00a0<a href=\"https:\/\/discussions.apple.com\/thread\/7684120?start=0&amp;tstart=0\">Apple-Discussions<\/a>\u00a0oder <a href=\"http:\/\/osxdaily.com\/2016\/09\/24\/troubleshooting-macos-sierra-problems\/\">OSX Daily<\/a>\u00a0oder \u2026<\/p>\n<h2>Kein Mauszeiger beim Login<\/h2>\n<p>Wegen des Spotlight-Problems startete ich den Rechner mehrfach neu. Ich glaube beim dritten Neustart staunte ich nicht schlecht, als ich am Login-Bildschirm keinen Mauszeiger mehr hatte! Ich konnte mit den Cursortasten den Benutzer w\u00e4hlen, das Trackpad war aber ohne Funktion.<\/p>\n<p>Dr\u00fcckte ich dann den Ein-\/Ausschaltknopf um das Ger\u00e4t in den Standby zu schicken und weckte ich es dann per Tastendruck wieder auf, war der Mauszeiger wieder da.<\/p>\n<p>Ich meine: WTF?!<\/p>\n<p>Andere Nutzer berichten auch von komplett schwarzen Login-Bildschirmen. Manche k\u00f6nnen sich dann &#8220;blind&#8221; anmelden, also Passwort einfach mal so tippen und Enter dr\u00fccken. Das ist doch kein Zustand <span class=\"wp-smiley emoji emoji-sad\" title=\":(\">sad<\/span> <\/p>\n<h2>Probleme mit PDF<\/h2>\n<p>Nein, dass ist kein Fujitsu Problem sondern ein macOS Sierra Problem seit 10.12.2<\/p>\n<p>Sobald man ein PDF bearbeitet das einen OCR-Layer besitzt, wird dieser Klartext verworfen sobald das PDF wieder gespeichert wird. Es ist dabei egal, ob das Dokument mit Fujitsu Scansnap oder mit Canon-Software erstellt wurde.<\/p>\n<p>Das Problem wird unter anderem<a href=\"https:\/\/www.ifun.de\/scansnap-pdf-scherereien-unter-macos-sierra-halten-an-101890\/#comment-406346\"> bei ifun geschildert<\/a>, interessant auch die Kommentare die zeigen, dass es sehr sicher ein macOS-Problem ist. Es gab schon mit den ersten Sierra-Versionen PDF-Probleme, die durch die Hersteller aber umgangen werden konnten, siehe <a href=\"http:\/\/www.devontechnologies.com\/de\/presse\/pressemitteilungen\/devonthink-with-pdf-fixes-for-macos-sierra-more\/d235dc8251827696c55923998b8fbbf4.html\">zum Beispiel DevonThink<\/a>. Man schaue auch hier bei <a href=\"http:\/\/www.devontechnologies.com\/index.php?id=166&amp;L=1\">DevonThink unter &#8220;Known Bugs&#8221;<\/a>\u00a0&#8211; Da sind Entwickler gerade ziemlich frustriert wie mir scheint.<\/p>\n<h2>Fazit \u2013 Noch mal neu starten mit El Capitan 10.11<\/h2>\n<p>Ich verliere zwei zwei Abende an Einrichtungen, Downloads und Kopierarbeit, ich habe aber keine Lust auf diese Probleme \u2013 Spotlight nutze ich st\u00e4ndig, Dateien von der Time Capsule \u00f6ffne ich t\u00e4glich, meine s\u00e4mtlichen Dokumente, der komplette Posteingang, werden als PDF verwaltet \u2013 und ich habe keine Lust noch weitere Fehler zu entdecken. Das ist Apples Job!<\/p>\n<blockquote><p>Den Fehler mit dem Zugriff auf die Time Capsule habe ich als Bugreport an Apple gemeldet. Die anderen Fehler werde ich leider nicht mehr melden da es sinnlos ist, wenn ich bei R\u00fcckfragen keine Debug-Informationen nachreichen kann weil inzwischen ein anderes System l\u00e4uft.<\/p><\/blockquote>\n<p>Der Download von El Capitan wurde von mir noch am zweiten Abend gestartet. 6,2 Gigabyte. Das dauert bei mir gut 10 Stunden. Am n\u00e4chsten Morgen war der Download nat\u00fcrlich noch nicht durch und wenn er dann fertig ist, muss ich das ganze noch auf einen USB-Stick schieben, was auch wieder dauert. Dann alles komplett neu installieren und alles ganz von vorne neu einrichten.<\/p>\n<p>Es wird dauern bis Apple mir das Vertrauen zur\u00fcck gibt, dass macOS Sierra toll und frei von groben Fehlern ist. Das ist echt traurig und Probleme auf diesem Niveau hatte ich seit OS-X 10.3 mit keinem Apple-System (obwohl ich wei\u00df, dass da ein paar Versionen dabei waren die auch echte Klopper hatten)<\/p>\n<p>&nbsp;<\/p>\n","protected":false},"excerpt":{"rendered":"<p>Ich kann extrem euphorisch werden wenn ich \u00fcber Apple-Produkte spreche \u2013 Verarbeitung, Bildschirm, das Touchpad, wie leise ein Notebook sein kann und wie&hellip;<\/p>\n","protected":false},"author":2,"featured_media":0,"comment_status":"open","ping_status":"open","sticky":false,"template":"","format":"standard","meta":{"spay_email":""},"categories":[7],"tags":[135,839,133,429],"jetpack_featured_media_url":"","jetpack_shortlink":"https:\/\/wp.me\/p71Tml-1z7","_links":{"self":[{"href":"https:\/\/www.nsonic.de\/blog\/wp-json\/wp\/v2\/posts\/6021"}],"collection":[{"href":"https:\/\/www.nsonic.de\/blog\/wp-json\/wp\/v2\/posts"}],"about":[{"href":"https:\/\/www.nsonic.de\/blog\/wp-json\/wp\/v2\/types\/post"}],"author":[{"embeddable":true,"href":"https:\/\/www.nsonic.de\/blog\/wp-json\/wp\/v2\/users\/2"}],"replies":[{"embeddable":true,"href":"https:\/\/www.nsonic.de\/blog\/wp-json\/wp\/v2\/comments?post=6021"}],"version-history":[{"count":4,"href":"https:\/\/www.nsonic.de\/blog\/wp-json\/wp\/v2\/posts\/6021\/revisions"}],"predecessor-version":[{"id":6025,"href":"https:\/\/www.nsonic.de\/blog\/wp-json\/wp\/v2\/posts\/6021\/revisions\/6025"}],"wp:attachment":[{"href":"https:\/\/www.nsonic.de\/blog\/wp-json\/wp\/v2\/media?parent=6021"}],"wp:term":[{"taxonomy":"category","embeddable":true,"href":"https:\/\/www.nsonic.de\/blog\/wp-json\/wp\/v2\/categories?post=6021"},{"taxonomy":"post_tag","embeddable":true,"href":"https:\/\/www.nsonic.de\/blog\/wp-json\/wp\/v2\/tags?post=6021"}],"curies":[{"name":"wp","href":"https:\/\/api.w.org\/{rel}","templated":true}]}}