{"id":5308,"date":"2013-12-23T18:35:17","date_gmt":"2013-12-23T17:35:17","guid":{"rendered":"http:\/\/www.nsonic.de\/blog\/?p=5308"},"modified":"2013-12-23T18:35:17","modified_gmt":"2013-12-23T17:35:17","slug":"ycal-ein-jahresplaner-fuer-mac","status":"publish","type":"post","link":"https:\/\/www.nsonic.de\/blog\/2013\/12\/ycal-ein-jahresplaner-fuer-mac\/","title":{"rendered":"yCal &#8211; Ein Jahresplaner f\u00fcr Mac"},"content":{"rendered":"<p>Unfassbar: Nach Jahren &#8211; eher seit Jahrzehnten &#8211; suche ich nach einem Jahresplaner f\u00fcr den Computer. Ich habe so etwas fr\u00fcher unter Windows vergeblich gesucht, seit 2005 suchte ich f\u00fcr den Mac, ebenfalls vergeblich. Schlie\u00dflich suchte ich f\u00fcr iOS und plante sogar extra f\u00fcr so eine Software ein iPad anzuschaffen aber auch f\u00fcr diese Plattform fand ich nichts.<\/p>\n<p>Wer jetzt nicht wei\u00df worum es geht, hier eine kurze Erl\u00e4uterung:<\/p>\n<figure id=\"attachment_5309\" aria-describedby=\"caption-attachment-5309\" style=\"width: 300px\" class=\"wp-caption alignleft\"><a href=\"https:\/\/www.nsonic.de\/blog\/wp-content\/uploads\/2013\/12\/kalender-jahr.png\"><img loading=\"lazy\" class=\"size-medium wp-image-5309\" alt=\"Eine typische Jahresansicht von Kalender-Apps. iCal von Apple zeigt immerhin eine W\u00e4rmegrafik um zu sehen, wo viele Termine sind.\" src=\"https:\/\/www.nsonic.de\/blog\/wp-content\/uploads\/2013\/12\/kalender-jahr-300x200.png\" width=\"300\" height=\"200\" \/><\/a><figcaption id=\"caption-attachment-5309\" class=\"wp-caption-text\">Eine typische Jahresansicht von Kalender-Apps. iCal von Apple zeigt immerhin eine W\u00e4rmegrafik um zu sehen, wo viele Termine sind.<\/figcaption><\/figure>\n<p>Es geht nicht um die typische Jahresansicht von diversen Kalenderprogrammen. Diese zeigen n\u00e4mlich normalerweise jeden Monat als einen Block an und dann eben 12 Bl\u00f6cke unter-\/nebeneinander. Das ist absolut nicht hilfreich, um Ereignisse f\u00fcr ein Jahr zu planen, da man nur schwer erkennen kann, wo Bl\u00f6cke bestimmter L\u00e4nge am St\u00fcck verf\u00fcgbar sind. Nein, es geht um einen Jahresplaner, eine Jahres\u00fcbersicht, wie sie in vielen Firmen in Papierform an der Wand h\u00e4ngt. 12 Monate in 12 Spalten (oder 12 Zeilen). Alle Tage eines Monates untereinander (oder nebeneinander). Wochenenden und Feiertage markiert. Termine mindestens als Farb-Balken eingetragen, bei Retina-Displays sollte sogar etwas Text m\u00f6glich sein. Man sollte Kalender ein-\/ausblenden k\u00f6nnen und man sollte direkt Termine eintragen k\u00f6nnen. Selbstverst\u00e4ndlich sollten die bestehenden Kalender des Systems genutzt werden, beim Mac also die iCal-Schnittstelle.<\/p>\n<p>So etwas konnte ich bisher nicht finden. Bis jetzt.<\/p>\n<figure id=\"attachment_5310\" aria-describedby=\"caption-attachment-5310\" style=\"width: 300px\" class=\"wp-caption alignleft\"><a href=\"https:\/\/www.nsonic.de\/blog\/wp-content\/uploads\/2013\/12\/ycal-jahr.png\"><img loading=\"lazy\" class=\"size-medium wp-image-5310\" alt=\"Ein klassischer Jahresplaner, wie man ihn in Papierform gef\u00fchlt schon immer in Firmen verwendet. Termine k\u00f6nnen farblich angezeigt werden, die Farben f\u00fcr die Tage, Feiertage, etc. k\u00f6nnen konfiguriert werden\" src=\"https:\/\/www.nsonic.de\/blog\/wp-content\/uploads\/2013\/12\/ycal-jahr-300x195.png\" width=\"300\" height=\"195\" \/><\/a><figcaption id=\"caption-attachment-5310\" class=\"wp-caption-text\">Ein klassischer Jahresplaner, wie man ihn in Papierform gef\u00fchlt schon immer in Firmen verwendet. Termine k\u00f6nnen farblich angezeigt werden, die Farben f\u00fcr die Tage, Feiertage, etc. k\u00f6nnen konfiguriert werden<\/figcaption><\/figure>\n<p>yCal macht n\u00e4mlich genau das oben beschriebene. Sicher, es ist nicht perfekt und hakt hier und dort. Aber f\u00fcr den Anfang macht es genau was ich gesucht habe. Ich kann verschiedene Kalender sichtbar machen und sehe die geplanten Termine als Farbbalken. So sehe ich sofort, wo noch freie Bl\u00f6cke sind z. B. f\u00fcr Foto-Workshops.<\/p>\n<p>Au\u00dferdem kann man eine Art System-Kalender hinterlegen, in dem yCal eigene Informationen speichern kann. So kann man beliebige Notizen eintragen und Tage farblich markieren, wie mit einem bunten Textmarker. Diese Informationen werden \u00fcber diesen System-Kalender mit anderen Rechnern abgeglichen. Sehr praktisch.<\/p>\n<p>Heute, am 23.12.2013, gibt es die App gerade <a href=\"http:\/\/www.macappdeals.com\/2013\/12\/23\/50-off-ycal-2\/\" target=\"_blank\">im Angebot f\u00fcr $9,75<\/a> &#8211; Da habe ich direkt zugeschlagen <span class=\"wp-smiley emoji emoji-smile\" title=\":)\">smile<\/span> <\/p>\n","protected":false},"excerpt":{"rendered":"<p>Unfassbar: Nach Jahren &#8211; eher seit Jahrzehnten &#8211; suche ich nach einem Jahresplaner f\u00fcr den Computer. Ich habe so etwas fr\u00fcher unter Windows&hellip;<\/p>\n","protected":false},"author":2,"featured_media":5310,"comment_status":"open","ping_status":"open","sticky":false,"template":"","format":"standard","meta":{"spay_email":""},"categories":[7],"tags":[761,431,365],"jetpack_featured_media_url":"https:\/\/www.nsonic.de\/blog\/wp-content\/uploads\/2013\/12\/ycal-jahr.png","jetpack_shortlink":"https:\/\/wp.me\/p71Tml-1nC","_links":{"self":[{"href":"https:\/\/www.nsonic.de\/blog\/wp-json\/wp\/v2\/posts\/5308"}],"collection":[{"href":"https:\/\/www.nsonic.de\/blog\/wp-json\/wp\/v2\/posts"}],"about":[{"href":"https:\/\/www.nsonic.de\/blog\/wp-json\/wp\/v2\/types\/post"}],"author":[{"embeddable":true,"href":"https:\/\/www.nsonic.de\/blog\/wp-json\/wp\/v2\/users\/2"}],"replies":[{"embeddable":true,"href":"https:\/\/www.nsonic.de\/blog\/wp-json\/wp\/v2\/comments?post=5308"}],"version-history":[{"count":1,"href":"https:\/\/www.nsonic.de\/blog\/wp-json\/wp\/v2\/posts\/5308\/revisions"}],"predecessor-version":[{"id":5311,"href":"https:\/\/www.nsonic.de\/blog\/wp-json\/wp\/v2\/posts\/5308\/revisions\/5311"}],"wp:featuredmedia":[{"embeddable":true,"href":"https:\/\/www.nsonic.de\/blog\/wp-json\/wp\/v2\/media\/5310"}],"wp:attachment":[{"href":"https:\/\/www.nsonic.de\/blog\/wp-json\/wp\/v2\/media?parent=5308"}],"wp:term":[{"taxonomy":"category","embeddable":true,"href":"https:\/\/www.nsonic.de\/blog\/wp-json\/wp\/v2\/categories?post=5308"},{"taxonomy":"post_tag","embeddable":true,"href":"https:\/\/www.nsonic.de\/blog\/wp-json\/wp\/v2\/tags?post=5308"}],"curies":[{"name":"wp","href":"https:\/\/api.w.org\/{rel}","templated":true}]}}