{"id":3199,"date":"2012-05-07T22:24:03","date_gmt":"2012-05-07T20:24:03","guid":{"rendered":"http:\/\/www.nsonic.de\/blog\/?p=3199"},"modified":"2012-06-16T20:51:58","modified_gmt":"2012-06-16T18:51:58","slug":"westernreitzentrum-greene-eroffnet-am-tag-der-offenen-stalltur","status":"publish","type":"post","link":"https:\/\/www.nsonic.de\/blog\/2012\/05\/westernreitzentrum-greene-eroffnet-am-tag-der-offenen-stalltur\/","title":{"rendered":"Westernreitzentrum Greene er\u00f6ffnet am Tag der offenen Stallt\u00fcr"},"content":{"rendered":"<p><a href=\"https:\/\/www.nsonic.de\/blog\/wp-content\/uploads\/2012\/05\/20120506_IMG_7389.jpg\"><img loading=\"lazy\" class=\"alignright size-medium wp-image-3201\" title=\"Vivian Gabor auf Pablo\" src=\"https:\/\/www.nsonic.de\/blog\/wp-content\/uploads\/2012\/05\/20120506_IMG_7389-300x200.jpg\" alt=\"\" width=\"300\" height=\"200\" srcset=\"https:\/\/www.nsonic.de\/blog\/wp-content\/uploads\/2012\/05\/20120506_IMG_7389-300x200.jpg 300w, https:\/\/www.nsonic.de\/blog\/wp-content\/uploads\/2012\/05\/20120506_IMG_7389-768x512.jpg 768w, https:\/\/www.nsonic.de\/blog\/wp-content\/uploads\/2012\/05\/20120506_IMG_7389.jpg 1000w\" sizes=\"(max-width: 300px) 100vw, 300px\" \/><\/a>Am 6.5.2012 war nicht nur der Tag der offenen Stallt\u00fcr, sondern auch die offizielle Er\u00f6ffnung des Westernreitzentrums Greene. Vivian Gabor und Carsten Weidemann hatten mit vielen Helfern einen tollen Tag vorbereitet.<\/p>\n<p>Um 11 Uhr ging es los und schon kurz vorher trafen die ersten G\u00e4ste ein. Gegen 12 Uhr waren die ersten Bratw\u00fcrstchen und Steaks fertig, so dass die inzwischen zahlreichen G\u00e4ste eine warme St\u00e4rkung an diesem leider etwas k\u00fchlen Tag bekamen. Der H\u00f6hepunkt waren verschiedene Reitvorf\u00fchrungen, die ab 14 Uhr in der Reithalle statt fanden.<\/p>\n<p>Hier,\u00a0<a href=\"http:\/\/nsonic.fotograf.de\/album\/tag-der-offenen-stalltuer-2012\">in der Galerie<\/a>, habe ich die Aufnahmen des Tages zusammen gestellt. Viel Freude beim durchst\u00f6bern und wenn Euch ein Bild besonders gef\u00e4llt, dann k\u00f6nnt Ihr Euch gerne einen Abzug, Poster, Sticker oder mehr bestellen.<\/p>\n","protected":false},"excerpt":{"rendered":"<p>Am 6.5.2012 war nicht nur der Tag der offenen Stallt\u00fcr, sondern auch die offizielle Er\u00f6ffnung des Westernreitzentrums Greene. Vivian Gabor und Carsten Weidemann&hellip;<\/p>\n","protected":false},"author":2,"featured_media":3201,"comment_status":"open","ping_status":"open","sticky":false,"template":"","format":"standard","meta":{"spay_email":""},"categories":[8,740],"tags":[309,732,209,321,731],"jetpack_featured_media_url":"https:\/\/www.nsonic.de\/blog\/wp-content\/uploads\/2012\/05\/20120506_IMG_7389.jpg","jetpack_shortlink":"https:\/\/wp.me\/p71Tml-PB","_links":{"self":[{"href":"https:\/\/www.nsonic.de\/blog\/wp-json\/wp\/v2\/posts\/3199"}],"collection":[{"href":"https:\/\/www.nsonic.de\/blog\/wp-json\/wp\/v2\/posts"}],"about":[{"href":"https:\/\/www.nsonic.de\/blog\/wp-json\/wp\/v2\/types\/post"}],"author":[{"embeddable":true,"href":"https:\/\/www.nsonic.de\/blog\/wp-json\/wp\/v2\/users\/2"}],"replies":[{"embeddable":true,"href":"https:\/\/www.nsonic.de\/blog\/wp-json\/wp\/v2\/comments?post=3199"}],"version-history":[{"count":5,"href":"https:\/\/www.nsonic.de\/blog\/wp-json\/wp\/v2\/posts\/3199\/revisions"}],"predecessor-version":[{"id":3271,"href":"https:\/\/www.nsonic.de\/blog\/wp-json\/wp\/v2\/posts\/3199\/revisions\/3271"}],"wp:featuredmedia":[{"embeddable":true,"href":"https:\/\/www.nsonic.de\/blog\/wp-json\/wp\/v2\/media\/3201"}],"wp:attachment":[{"href":"https:\/\/www.nsonic.de\/blog\/wp-json\/wp\/v2\/media?parent=3199"}],"wp:term":[{"taxonomy":"category","embeddable":true,"href":"https:\/\/www.nsonic.de\/blog\/wp-json\/wp\/v2\/categories?post=3199"},{"taxonomy":"post_tag","embeddable":true,"href":"https:\/\/www.nsonic.de\/blog\/wp-json\/wp\/v2\/tags?post=3199"}],"curies":[{"name":"wp","href":"https:\/\/api.w.org\/{rel}","templated":true}]}}