{"id":1859,"date":"2009-07-18T11:25:10","date_gmt":"2009-07-18T10:25:10","guid":{"rendered":"http:\/\/www.nsonic.de\/blog\/?p=1859"},"modified":"2009-07-18T16:36:29","modified_gmt":"2009-07-18T15:36:29","slug":"nsonic-199-foto-womit-einsteigen-teil-2","status":"publish","type":"post","link":"https:\/\/www.nsonic.de\/blog\/2009\/07\/nsonic-199-foto-womit-einsteigen-teil-2\/","title":{"rendered":"nSonic #199 &#8211; Foto &#8211; Womit einsteigen? (Teil 2)"},"content":{"rendered":"<p><img loading=\"lazy\" src=\"https:\/\/www.nsonic.de\/blog\/wp-content\/uploads\/2009\/07\/199_foto_womiteinsteigen2.jpg\" alt=\"\" title=\"199_foto_womiteinsteigen2\" width=\"300\" height=\"300\" class=\"alignnone size-full wp-image-1863\" srcset=\"https:\/\/www.nsonic.de\/blog\/wp-content\/uploads\/2009\/07\/199_foto_womiteinsteigen2.jpg 300w, https:\/\/www.nsonic.de\/blog\/wp-content\/uploads\/2009\/07\/199_foto_womiteinsteigen2-150x150.jpg 150w, https:\/\/www.nsonic.de\/blog\/wp-content\/uploads\/2009\/07\/199_foto_womiteinsteigen2-75x75.jpg 75w\" sizes=\"(max-width: 300px) 100vw, 300px\" \/><br \/>\nWie in <a href=\"https:\/\/www.nsonic.de\/blog\/2009\/07\/nsonic-198-foto-womit-einsteigen\/\">Folge #198<\/a> schon angek\u00fcndigt, hier nun der zweite Teil mit einer weiteren H\u00f6rerfrage.<\/p>\n<p>Es geht darum, wie ich in die digitale Fotografie eingestiegen bin.<br \/>\nBei mir war es eine Pentax Optio330. Erst viel sp\u00e4ter folgte mit der Canon EOS 350D eine digitale Spiegelreflex und noch einige Jahre sp\u00e4ter eine EOS 5D.<br \/>\nDie Kunststoffgeh\u00e4use halten mehr aus als man dem Namen nach vielleicht vermuten w\u00fcrde, dabei h\u00e4tte ich also keine Bedenken. Viel entscheidender ist es, ob Ihr mit den recht kleinen Geh\u00e4usen gut zurecht kommt. Ich konnte mit der 350D sehr gut arbeiten und es war (bzw. ist) ein gro\u00dfer Vorteil, dass man die Kamera und einige Objektive in eine kleine Fototasche bekommt. Die 5D (mit den inzwischen gr\u00f6\u00dferen Objektiven die ich angeschafft habe) sieht das schon ganz anders aus.<\/p>\n<p>Auch nach vielen Jahren macht die 350D noch super Bilder. Der Sensor l\u00e4sst also nicht nach in der Qualit\u00e4t &#8211; jedenfalls nicht so, dass ich es h\u00e4tte feststellen k\u00f6nnen. Es spricht also im Grunde nichts dagegen mit einem g\u00fcnstigen Body einzusteigen. Ob es dann eine Canon, Nikon, Fuji, Olympus, Sony, Pentax, \u2026 ist, das m\u00fcsst Ihr selbst ausprobieren. Schaut Euch den Objektiv- und Zubeh\u00f6rmarkt an. Es bringt z.B. nichts, wenn Ihr gerne im Super-Telebereich arbeiten m\u00f6chtet, die verf\u00fcgbaren Objektive aber verdammt teuer sind. Vielleicht ist bei einem anderen Hersteller die Kamera selbst etwas teurer, aber bei der Anschaffung des Wunschobjektives spart man diesen Aufpreis gleich wieder ein.<\/p>\n<p><strong>Eine Sache zu den Canon die mir noch nach der Aufnahme eingefallen ist:<\/strong><br \/>\nBei den Einsteigermodellen gibt es nur noch das gro\u00dfe Display. Dieses zeigt dann sowohl die Bilder als auch die Einstellungen an. Dieses kleinere LC-Display, das viel schw\u00e4cher gelblich oder gr\u00fcnlich beleuchtet werden kann, f\u00fcr die Einstellungen gibt es dort nicht mehr.<br \/>\nDas ist zwar toll, weil die Bilder so viel gr\u00f6\u00dfer dargestellt werden k\u00f6nnen und man z.B. mehr Platz f\u00fcr Bild und Histogram hat oder die Bildsch\u00e4rfe besser beurteilen kann.<\/p>\n<p>Bei Nachtaufnahmen kann das aber auch st\u00f6rend sein. Dieses Display ist dann n\u00e4mlich ziemlich hell und kann einen in der Nacht stark blenden. Ich nutze da gerne das kleine Display mit schwacher Beleuchtung auf dem nur die Einstellungen gezeigt werden um Belichtungsmodus, Blende, Belichtungzeit etc. einzustellen oder im Bulb-Modus die Sekunden zu z\u00e4hlen. Mich w\u00fcrde das gro\u00dfe und sehr helle Display dann st\u00f6ren.<br \/>\nWie das bei den neueren Modelle ist und ob man die Helligkeit so weit herunter regeln kann, dass sie einen nicht mehr st\u00f6rt, wei\u00df ich nicht. Aber das ist noch ein Tipp zum ausprobieren &#8211; falls Ihr gerne im dunkeln mit der Kamera unterwegs seid.<\/p>\n<p><a href=\"http:\/\/www.podtrac.com\/pts\/redirect.mp3\/nsonic.podplace.de\/nsonic_199_foto_womiteinsteigen2.mp3\">Folge herunterladen<\/a><\/p>\n","protected":false},"excerpt":{"rendered":"<p>Wie in Folge #198 schon angek\u00fcndigt, hier nun der zweite Teil mit einer weiteren H\u00f6rerfrage. Es geht darum, wie ich in die digitale&hellip;<\/p>\n","protected":false},"author":2,"featured_media":1863,"comment_status":"open","ping_status":"open","sticky":false,"template":"","format":"standard","meta":{"spay_email":""},"categories":[53,51],"tags":[615,537,840],"jetpack_featured_media_url":"https:\/\/www.nsonic.de\/blog\/wp-content\/uploads\/2009\/07\/199_foto_womiteinsteigen2.jpg","jetpack_shortlink":"https:\/\/wp.me\/p71Tml-tZ","_links":{"self":[{"href":"https:\/\/www.nsonic.de\/blog\/wp-json\/wp\/v2\/posts\/1859"}],"collection":[{"href":"https:\/\/www.nsonic.de\/blog\/wp-json\/wp\/v2\/posts"}],"about":[{"href":"https:\/\/www.nsonic.de\/blog\/wp-json\/wp\/v2\/types\/post"}],"author":[{"embeddable":true,"href":"https:\/\/www.nsonic.de\/blog\/wp-json\/wp\/v2\/users\/2"}],"replies":[{"embeddable":true,"href":"https:\/\/www.nsonic.de\/blog\/wp-json\/wp\/v2\/comments?post=1859"}],"version-history":[{"count":1,"href":"https:\/\/www.nsonic.de\/blog\/wp-json\/wp\/v2\/posts\/1859\/revisions"}],"predecessor-version":[{"id":3541,"href":"https:\/\/www.nsonic.de\/blog\/wp-json\/wp\/v2\/posts\/1859\/revisions\/3541"}],"wp:featuredmedia":[{"embeddable":true,"href":"https:\/\/www.nsonic.de\/blog\/wp-json\/wp\/v2\/media\/1863"}],"wp:attachment":[{"href":"https:\/\/www.nsonic.de\/blog\/wp-json\/wp\/v2\/media?parent=1859"}],"wp:term":[{"taxonomy":"category","embeddable":true,"href":"https:\/\/www.nsonic.de\/blog\/wp-json\/wp\/v2\/categories?post=1859"},{"taxonomy":"post_tag","embeddable":true,"href":"https:\/\/www.nsonic.de\/blog\/wp-json\/wp\/v2\/tags?post=1859"}],"curies":[{"name":"wp","href":"https:\/\/api.w.org\/{rel}","templated":true}]}}