{"id":1272,"date":"2008-05-30T11:29:15","date_gmt":"2008-05-30T10:29:15","guid":{"rendered":"http:\/\/www.nsonic.de\/blog\/2008\/05\/nsonic-155-foto-lichtstarke-oder-scharfentiefe\/"},"modified":"2008-06-01T15:29:45","modified_gmt":"2008-06-01T14:29:45","slug":"nsonic-155-foto-lichtstarke-oder-scharfentiefe","status":"publish","type":"post","link":"https:\/\/www.nsonic.de\/blog\/2008\/05\/nsonic-155-foto-lichtstarke-oder-scharfentiefe\/","title":{"rendered":"nSonic #155 &#8211; Foto &#8211; Lichtst\u00e4rke oder Sch\u00e4rfentiefe"},"content":{"rendered":"<p><img src='https:\/\/www.nsonic.de\/blog\/wp-content\/uploads\/2008\/05\/155_foto_lichtstark.jpg' alt='Podcast Foto Lichtstark Sch\u00e4rfentiefe' \/><br \/>\nDiesmal erreichte mich \u00fcber die <a href=\"https:\/\/www.nsonic.de\/blog\/2008\/04\/nsonic-voice-box\/\">Voice-Box<\/a> eine Frage von Dominik zum Thema &#8220;lichtstarke Objektive&#8221;: Wenn man f\u00fcr ein bestimmtes Motiv eine Blende f\/8 oder besser noch f\/13 nutzen m\u00f6chte, ist dann ein sehr teures und lichtstarkes Objektiv \u00fcberhaupt sinnvoll?<\/p>\n<p><strong>Foto-Workshop auf R\u00fcgen, Gut Boldevitz<\/strong><br \/>\nEs laufen gerade die ersten \u00dcberlegungen f\u00fcr einen Foto-Workshop in wundersch\u00f6ner Umgebung auf R\u00fcgen &#8211; und zwar eben auf Gut Boldevitz wo ich auch reiten war. Viel Natur, Pferde und andere Tiere. Es soll ein Grundlagen Workshop werden: Bildkomposition, das Dreieck aus Blende, Belichtungszeit und ISO. Au\u00dferdem m\u00f6chte ich zeigen, wie man aus seinen Aufnahmen das Beste f\u00fcr einen Abzug, Ausdruck oder ein Fotobuch herausholen kann.<\/p>\n<p>Den Workshop wird von mir geleitet und wird voraussichtlich \u00fcber ein Wochenende (also Samstag\/Sonntag) laufen. Genauere Daten (also Datum, Preis, Agenda) sind noch nicht bekannt.<\/p>\n<p>Wenn Ihr aber grunds\u00e4tzlich Interesse habt an so einem Workshop teilzunehmen, dann <a href=\"https:\/\/www.nsonic.de\/blog\/kontakt\">meldet Euch bitte unverbindlich<\/a> bei mir. Sobald Details bekannt werden werdet Ihr per E-Mail und nat\u00fcrlich hier im Podcast und Blog dar\u00fcber informiert. Vielleicht ist das ja die Gelegenheit f\u00fcr Euch, Euren Partner oder Eurem Nachwuchs etwas genauer zu lernen, wie die Kamera eigentlich funktioniert und wie man sie sich m\u00f6glichst gut zu Nutze macht <span class=\"wp-smiley emoji emoji-smile\" title=\":)\">smile<\/span> <\/p>\n<p><strong>Links<\/strong><br \/>\nHappy Shooting <a target=\"_blank\" href=\"http:\/\/www.happyshooting.de\/podcast\/2008\/05\/29\/082-balzrufe\/\">Podcast vom Workshop<\/a> in T\u00fcbingen<br \/>\nBericht vom <a href=\"https:\/\/www.nsonic.de\/blog\/2008\/05\/reiten-auf-rugen-boldevitz\/\">Reit-Urlaub auf R\u00fcgen<\/a><br \/>\n<a target=\"_blank\" href=\"http:\/\/www.picturecode.com\/\">NoiseNinja<\/a><br \/>\n<a target=\"_blank\" href=\"http:\/\/www.imagenomic.com\/\">NoiseWare<\/a><br \/>\n<a target=\"_blank\" href=\"http:\/\/www.neatimage.net\/\">NeatImage<\/a><br \/>\n<a target=\"_blank\" href=\"http:\/\/cimg.sourceforge.net\/greycstoration\/\">greyCstoration<\/a><\/p>\n<p><a href=\"http:\/\/www.podtrac.com\/pts\/redirect.mp3?http:\/\/nsonic.podplace.de\/nsonic_155_foto_lichtstark.mp3\">Folge herunterladen<\/a><\/p>\n","protected":false},"excerpt":{"rendered":"<p>Diesmal erreichte mich \u00fcber die Voice-Box eine Frage von Dominik zum Thema &#8220;lichtstarke Objektive&#8221;: Wenn man f\u00fcr ein bestimmtes Motiv eine Blende f\/8&hellip;<\/p>\n","protected":false},"author":2,"featured_media":0,"comment_status":"open","ping_status":"open","sticky":false,"template":"","format":"standard","meta":{"spay_email":""},"categories":[53,51],"tags":[463,840,464,845,362,465,258],"jetpack_featured_media_url":"","jetpack_shortlink":"https:\/\/wp.me\/p71Tml-kw","_links":{"self":[{"href":"https:\/\/www.nsonic.de\/blog\/wp-json\/wp\/v2\/posts\/1272"}],"collection":[{"href":"https:\/\/www.nsonic.de\/blog\/wp-json\/wp\/v2\/posts"}],"about":[{"href":"https:\/\/www.nsonic.de\/blog\/wp-json\/wp\/v2\/types\/post"}],"author":[{"embeddable":true,"href":"https:\/\/www.nsonic.de\/blog\/wp-json\/wp\/v2\/users\/2"}],"replies":[{"embeddable":true,"href":"https:\/\/www.nsonic.de\/blog\/wp-json\/wp\/v2\/comments?post=1272"}],"version-history":[{"count":1,"href":"https:\/\/www.nsonic.de\/blog\/wp-json\/wp\/v2\/posts\/1272\/revisions"}],"predecessor-version":[{"id":3588,"href":"https:\/\/www.nsonic.de\/blog\/wp-json\/wp\/v2\/posts\/1272\/revisions\/3588"}],"wp:attachment":[{"href":"https:\/\/www.nsonic.de\/blog\/wp-json\/wp\/v2\/media?parent=1272"}],"wp:term":[{"taxonomy":"category","embeddable":true,"href":"https:\/\/www.nsonic.de\/blog\/wp-json\/wp\/v2\/categories?post=1272"},{"taxonomy":"post_tag","embeddable":true,"href":"https:\/\/www.nsonic.de\/blog\/wp-json\/wp\/v2\/tags?post=1272"}],"curies":[{"name":"wp","href":"https:\/\/api.w.org\/{rel}","templated":true}]}}