{"id":1148,"date":"2008-01-04T19:04:21","date_gmt":"2008-01-04T18:04:21","guid":{"rendered":"http:\/\/www.nsonic.de\/blog\/2008\/01\/alu-imac-selbst-aufrusten\/"},"modified":"2008-01-04T19:04:21","modified_gmt":"2008-01-04T18:04:21","slug":"alu-imac-selbst-aufrusten","status":"publish","type":"post","link":"https:\/\/www.nsonic.de\/blog\/2008\/01\/alu-imac-selbst-aufrusten\/","title":{"rendered":"Alu iMac selbst aufr\u00fcsten"},"content":{"rendered":"<div class=\"img_shadow_right\"><img src='https:\/\/www.nsonic.de\/blog\/wp-content\/uploads\/2008\/01\/imackeyboard.jpg' alt='iMac' \/><\/div>\n<p>Ohne einen Streit PC vs. Mac auszul\u00f6sen kann man wohl sagen, dass Apple schon ein Auge auf das \u00c4u\u00dfere seiner Rechner legt. Das &#8220;Design&#8221; wird immer wieder hervorgehoben wenn es um Computer aus diesem Hause geht.<br \/>\nDas ist auch gut und in den meisten F\u00e4llen durchaus richtig.<\/p>\n<p>Aber mal ganz ehrlich: So sehr man Apple, die Macs oder das System OS-X auch m\u00f6gen kann &#8211; nur weil etwas aus dem Hause Apple kommt muss man nicht gleich alles toll finden. So geht es mir jedenfalls. In der Vergangenheit war es eigentlich recht h\u00e4ufig so, dass Apple das Wort &#8220;Design&#8221; nicht nur auf das \u00e4u\u00dfere Erscheinungsbild bezog sondern eher auf die Gesamtheit eines Produktes. Man schaue sich mal die PowerMacs an. Da konnte man ohne Schraubenzieher die gesamte Seitenklappe samt R\u00fcckteil herunterklappen und kam problemlos an alle Innereien heran. Beim neuen MacPro ist das zwar nicht mehr ganz so, aber auch der ist im Vergleich zu den allermeisten PCs extrem aufger\u00e4umt.<\/p>\n<p>Schaut man aber mal auf die kompakteren Ger\u00e4te so sieh die Entwicklung nicht mehr so rosig aus. Fr\u00fcher wurde ein &#8220;Cube&#8221; gebaut. Winzig &#8211; und doch konnte man an einem Griff alles aus dem Geh\u00e4use ziehen um so relativ einfach die Hardware warten zu k\u00f6nnen. Als der wei\u00dfe iMac kam (Bildschirm und Rechner in einem Geh\u00e4use) war der Aufschrei zun\u00e4chst gro\u00df: Im Gegensatz zum Vorg\u00e4nger (der &#8220;Lampe&#8221;) war der Bildschirm nicht mehr h\u00f6henverstellbar und konnte nicht geschwenkt werden &#8211; das war der Fortschritt? Immerhin war ein G5 Prozessor drin, Leistung war also reichlich vorhanden, und das Geh\u00e4use konnte durch l\u00f6sen von einer (oder waren es zwei?) Schrauben in der Bodenklappe ge\u00f6ffnet werden. Es offenbarte sich ein aufger\u00e4umtes Innenleben in dem man auch schnell mal eine Platte tauschen konnte.<\/p>\n<p>Aber schon mit der n\u00e4chsten G5-Generation dieser iMacs war das vorbei. Mit den Intel-Ger\u00e4ten wurde es nicht besser und mit den Alu-iMacs hat Apple noch einen oben drauf gesetzt. Man kann zwar den Speicher noch sehr leicht aufr\u00fcsten oder tauschen \u00fcber eine kleine Klappe am Boden des Ger\u00e4tes &#8211; aber wenn man die Festplatte auswechseln m\u00f6chte, dann sollte man schon sehr ge\u00fcbt sein und wenig Angst mitbringen.<br \/>\nWarum man bei aktuellen iMacs die Festplatte nicht genau so einfach tauschen kann wie bei den viel kompakteren MacBooks ist mir ein R\u00e4tsel. Offenbar hie\u00df es hier in der Entwicklung: Function follows form &#8211; was auch das spiegelnde Display, ohne Alternative, erkl\u00e4ren w\u00fcrde. Nicht unbedingt ermutigend f\u00fcr die Zukunft &#8211; aber bei Apple wei\u00df man nie was als n\u00e4chstes kommt, vielleicht wird es ja wieder besser?<\/p>\n<p>Wer es trotzdem selbst probieren m\u00f6chte die Festplatte zu tauschen, f\u00fcr den gibt es eine englische <a target=\"_blank\" href=\"http:\/\/www.amfiteatar.org\/content\/view\/155\/78\/lang,en\/\">Schritt f\u00fcr Schritt Anleitung mit vielen Bildern<\/a>. Viel Erfolg <span class=\"wp-smiley emoji emoji-smile\" title=\":)\">smile<\/span> <\/p>\n","protected":false},"excerpt":{"rendered":"<p>Ohne einen Streit PC vs. Mac auszul\u00f6sen kann man wohl sagen, dass Apple schon ein Auge auf das \u00c4u\u00dfere seiner Rechner legt. Das&hellip;<\/p>\n","protected":false},"author":2,"featured_media":0,"comment_status":"open","ping_status":"open","sticky":false,"template":"","format":"standard","meta":{"spay_email":""},"categories":[7],"tags":[135,842,839],"jetpack_featured_media_url":"","jetpack_shortlink":"https:\/\/wp.me\/p71Tml-iw","_links":{"self":[{"href":"https:\/\/www.nsonic.de\/blog\/wp-json\/wp\/v2\/posts\/1148"}],"collection":[{"href":"https:\/\/www.nsonic.de\/blog\/wp-json\/wp\/v2\/posts"}],"about":[{"href":"https:\/\/www.nsonic.de\/blog\/wp-json\/wp\/v2\/types\/post"}],"author":[{"embeddable":true,"href":"https:\/\/www.nsonic.de\/blog\/wp-json\/wp\/v2\/users\/2"}],"replies":[{"embeddable":true,"href":"https:\/\/www.nsonic.de\/blog\/wp-json\/wp\/v2\/comments?post=1148"}],"version-history":[{"count":0,"href":"https:\/\/www.nsonic.de\/blog\/wp-json\/wp\/v2\/posts\/1148\/revisions"}],"wp:attachment":[{"href":"https:\/\/www.nsonic.de\/blog\/wp-json\/wp\/v2\/media?parent=1148"}],"wp:term":[{"taxonomy":"category","embeddable":true,"href":"https:\/\/www.nsonic.de\/blog\/wp-json\/wp\/v2\/categories?post=1148"},{"taxonomy":"post_tag","embeddable":true,"href":"https:\/\/www.nsonic.de\/blog\/wp-json\/wp\/v2\/tags?post=1148"}],"curies":[{"name":"wp","href":"https:\/\/api.w.org\/{rel}","templated":true}]}}